{"id":5052,"date":"2024-09-11T07:30:00","date_gmt":"2024-09-11T11:30:00","guid":{"rendered":"https:\/\/www.jobillico.com\/blog\/?p=5052"},"modified":"2024-09-03T22:41:43","modified_gmt":"2024-09-04T02:41:43","slug":"5-approches-simples-efficaces-pour-preparer-changement-carriere","status":"publish","type":"post","link":"https:\/\/www.jobillico.com\/blog\/5-approches-simples-efficaces-pour-preparer-changement-carriere\/","title":{"rendered":"Changer son plan de sa carri\u00e8re : 5 approches simples et efficaces"},"content":{"rendered":"<p>Bien qu\u2019un retour au boulot apr\u00e8s les vacances ne soit jamais facile, m\u00eame pour les plus grands passionn\u00e9s de leur travail, avez-vous d\u00e9j\u00e0 ressenti un r\u00e9el besoin de changement? Si oui, il est peut-\u00eatre temps d\u2019ajuster le tir, et de partir \u00e0 la recherche de nouveaux d\u00e9fis.<\/p>\n<p>Si tel est votre cas, rassurez-vous! Une approche structur\u00e9e quant \u00e0 la gestion de ce changement peut rendre le d\u00e9fi beaucoup plus surmontable. Nous n\u2019avons qu\u2019une seule vie, mais celle-ci ne se limite pas \u00e0 un seul choix de carri\u00e8re. Cela dit, nous nous devons d\u2019aimer le travail que nous accomplissons quotidiennement, et avons tous le droit de faire de nouveaux choix.<\/p>\n<p>\u00c9videmment, chacun de nous vivra cette exp\u00e9rience diff\u00e9remment. Par contre, avant tout, il faudra se rendre \u00e0 l\u2019\u00e9vidence et s\u2019\u00e9tablir un nouvel objectif. Une fois la glace bris\u00e9e, comment s\u2019y prendre?<\/p>\n<h2 class=\"soustitre\"><b>T\u00e2ter le terrain!<\/b><\/h2>\n<p>Avant de se lancer dans l\u2019inconnu, il est important de savoir vers quel objectif se diriger. Entreprendre une recherche des affichages de postes courants est une excellente mani\u00e8re de se mouiller les pieds, et de prendre le pouls de ce qui s\u2019offre \u00e0 nous.<\/p>\n<p>D\u2019ailleurs, cela ne vous engage \u00e0 rien, et vous permettra de mesurer vos \u00e9motions face \u00e0 ces possibilit\u00e9s. Du m\u00eame coup, cette \u00e9tude du march\u00e9 vous permettra d\u2019\u00e9valuer votre profil selon leurs exigences, et de vous pr\u00e9parer en cons\u00e9quence.<\/p>\n<p>Pas tout \u00e0 fait pr\u00eat \u00e0 faire le grand saut et \u00e0 changer carr\u00e9ment d\u2019employeur? Envisagez des occasions d\u2019avancement \u00e0 l\u2019interne, pour lesquelles des affichages de postes ne sont pas toujours disponibles.<\/p>\n<h2 class=\"soustitre\"><b>Mise \u00e0 jour de son CV<\/b><\/h2>\n<p>Si vous \u00eates comme la majorit\u00e9 des travailleurs d\u2019aujourd\u2019hui, votre CV n\u2019est s\u00fbrement pas tout \u00e0 fait \u00e0 jour, ni r\u00e9ellement repr\u00e9sentatif de vos comp\u00e9tences actuelles. Quelle belle occasion de le rafra\u00eechir, et de vous repr\u00e9senter selon votre nouvel objectif de carri\u00e8re!<\/p>\n<p>Lors du processus, assurez-vous de bien vous vendre au nouveau lecteur potentiel, notamment en mettant l\u2019accent sur vos comp\u00e9tences les plus pertinentes, ainsi qu\u2019en ajustant le contenu aux affichages en question.<\/p>\n<p>Afin de maximiser vos probabilit\u00e9s de r\u00e9ussite, mettez toutes les chances de votre c\u00f4t\u00e9. N\u2019h\u00e9sitez surtout pas \u00e0 aller chercher de l\u2019aide, soit d\u2019amis, de coll\u00e8gues, ou m\u00eame d\u2019un service professionnel de<strong> r\u00e9daction de CV<\/strong>.<\/p>\n<h2 class=\"soustitre\"><b>Rafra\u00eechir son profil LinkedIn<\/b><\/h2>\n<p>Dans le m\u00eame ordre d\u2019id\u00e9es, assurez-vous que votre profil LinkedIn est \u00e0 jour. Saviez-vous qu\u2019il est possible de le mettre \u00e0 jour sans en alerter votre r\u00e9seau, en ajustant simplement vos pr\u00e9f\u00e9rences? N\u2019ayez donc aucune crainte de retravailler votre profil (r\u00e9guli\u00e8rement, d\u2019ailleurs).<\/p>\n<p>Afin de solidifier votre profil num\u00e9rique, ne perdez pas de vue votre objectif, et d\u00e9montrez votre valeur ajout\u00e9e en cons\u00e9quence. En d\u2019autres mots, mettez l\u2019accent sur les comp\u00e9tences pertinentes pour votre auditoire cl\u00e9, et d\u00e9taillez votre parcours professionnel d\u2019une mani\u00e8re diff\u00e9rente de celle de votre CV (\u00e9vitez les copier-coller!).<\/p>\n<p>N\u2019oubliez pas que LinkedIn est aussi une excellente plateforme de recherche d\u2019emploi, alors n\u2019h\u00e9sitez pas \u00e0 visionner les affichages de postes et \u00e0 suivre les entreprises qui vous int\u00e9ressent.<\/p>\n<h2 class=\"soustitre\"><b>S\u2019allouer le temps n\u00e9cessaire<\/b><\/h2>\n<p>S\u2019accorder du temps pour la recherche d\u2019emploi est important, car ce changement ne s\u2019accomplira probablement pas du jour au lendemain (si oui, tant mieux!). Tout en \u00e9tant r\u00e9aliste dans vos attentes, il est aussi n\u00e9cessaire d\u2019y mettre le niveau d\u2019effort correspondant \u00e0 l\u2019objectif recherch\u00e9.<\/p>\n<p>Sur une base quotidienne ou hebdomadaire, selon vos disponibilit\u00e9s, r\u00e9servez-vous des plages horaires pour faire avancer ce beau projet. Afin d\u2019atteindre ses objectifs, il faut savoir \u00e9tablir ses priorit\u00e9s en cons\u00e9quence! Vous serez tellement fier de l\u2019avoir fait et d\u2019avoir r\u00e9ussi, lorsque l\u2019objectif sera atteint.<\/p>\n<h2 class=\"soustitre\"><b>Solidifier ses comp\u00e9tences <\/b><\/h2>\n<p>N\u2019ayez jamais peur de changer d\u2019objectif ou de vouloir vous am\u00e9liorer! Il n\u2019y a que les fous qui ne changent pas d\u2019id\u00e9e, n\u2019est-ce pas? Cela dit, nous savons tous que le march\u00e9 de l\u2019emploi est tr\u00e8s comp\u00e9titif, et qu\u2019il est important d\u2019y mettre de l\u2019avant le meilleur de soi-m\u00eame. Cette approche s\u2019applique aussi \u00e0 vos comp\u00e9tences, telles vos connaissances informatiques ou techniques, ou vos certifications.<\/p>\n<p>Afin de r\u00e9pondre aux qualifications n\u00e9cessaires \u00e0 l\u2019obtention du nouveau poste convoit\u00e9, il est possible que vous ayez un peu de travail \u00e0 faire de votre c\u00f4t\u00e9 aussi. Tout changement qui en vaut la peine requiert un peu d\u2019effort. Pour demeurer \u00e0 l\u2019aff\u00fbt du march\u00e9, n\u2019h\u00e9sitez donc pas \u00e0 compl\u00e9ter une formation continue, et n\u2019oubliez surtout pas de mettre \u00e0 jour votre CV en cons\u00e9quence!<\/p>\n<p>Alors? Cette r\u00e9flexion allume-t-elle une petite flamme dans votre esprit? Je vous invite \u00e0 y r\u00e9fl\u00e9chir, soit de mani\u00e8re active ou passive, selon votre situation personnelle et votre niveau de satisfaction professionnelle. Chacun avancera \u00e0 son rythme et arrivera \u00e0 ses propres conclusions, en temps opportun.<\/p>\n<p>Entre-temps, si vous ne deviez retenir qu\u2019une seule chose de cette lecture, ceci serait ma suggestion : \u00ab S\u2019il n\u2019est jamais trop tard pour les autres, alors n\u2019oubliez pas que le m\u00eame principe s\u2019applique \u00e0 vous! \u00bb<\/p>\n","protected":false},"excerpt":{"rendered":"Bien qu\u2019un retour au boulot apr\u00e8s les vacances ne soit jamais facile, m\u00eame pour les plus grands passionn\u00e9s de leur travail, avez-vous d\u00e9j\u00e0 ressenti un r\u00e9el besoin de changement? Si oui, il est peut-\u00eatre temps d\u2019ajuster le tir, et de [&hellip;]","protected":false},"author":9,"featured_media":19753,"comment_status":"open","ping_status":"open","sticky":false,"template":"","format":"standard","meta":{"footnotes":""},"categories":[346],"tags":[],"class_list":["post-5052","post","type-post","status-publish","format-standard","has-post-thumbnail","hentry","category-carriere"],"_links":{"self":[{"href":"https:\/\/www.jobillico.com\/blog\/wp-json\/wp\/v2\/posts\/5052","targetHints":{"allow":["GET"]}}],"collection":[{"href":"https:\/\/www.jobillico.com\/blog\/wp-json\/wp\/v2\/posts"}],"about":[{"href":"https:\/\/www.jobillico.com\/blog\/wp-json\/wp\/v2\/types\/post"}],"author":[{"embeddable":true,"href":"https:\/\/www.jobillico.com\/blog\/wp-json\/wp\/v2\/users\/9"}],"replies":[{"embeddable":true,"href":"https:\/\/www.jobillico.com\/blog\/wp-json\/wp\/v2\/comments?post=5052"}],"version-history":[{"count":3,"href":"https:\/\/www.jobillico.com\/blog\/wp-json\/wp\/v2\/posts\/5052\/revisions"}],"predecessor-version":[{"id":19750,"href":"https:\/\/www.jobillico.com\/blog\/wp-json\/wp\/v2\/posts\/5052\/revisions\/19750"}],"wp:featuredmedia":[{"embeddable":true,"href":"https:\/\/www.jobillico.com\/blog\/wp-json\/wp\/v2\/media\/19753"}],"wp:attachment":[{"href":"https:\/\/www.jobillico.com\/blog\/wp-json\/wp\/v2\/media?parent=5052"}],"wp:term":[{"taxonomy":"category","embeddable":true,"href":"https:\/\/www.jobillico.com\/blog\/wp-json\/wp\/v2\/categories?post=5052"},{"taxonomy":"post_tag","embeddable":true,"href":"https:\/\/www.jobillico.com\/blog\/wp-json\/wp\/v2\/tags?post=5052"}],"curies":[{"name":"wp","href":"https:\/\/api.w.org\/{rel}","templated":true}]}}