{"id":20688,"date":"2025-10-08T07:30:00","date_gmt":"2025-10-08T11:30:00","guid":{"rendered":"https:\/\/www.jobillico.com\/blog\/?p=20688"},"modified":"2025-10-10T22:06:53","modified_gmt":"2025-10-11T02:06:53","slug":"ouvert-ou-ferme-le-13-octobre-action-de-graces","status":"publish","type":"post","link":"https:\/\/www.jobillico.com\/blog\/ouvert-ou-ferme-le-13-octobre-action-de-graces\/","title":{"rendered":"Ouvert ou ferm\u00e9 le 13 octobre (Action de gr\u00e2ces)?"},"content":{"rendered":"\n<p>\u00c0 l\u2019occasion de l\u2019Action de gr\u00e2ces, plusieurs se demandent quels commerces garderont leurs portes ouvertes.<\/p>\n\n\n\n<p>Voici une liste br\u00e8ve qui vous permettra de vous organiser \u00e0 l\u2019avance!<\/p>\n\n\n\n<h2 class=\"wp-block-heading\">Ce qui sera ouvert et\/ou disponible :<\/h2>\n\n\n\n<ul class=\"wp-block-list\">\n<li>Transport en commun\u00a0(les horaires peuvent \u00eatre modifi\u00e9s durant les jours f\u00e9ri\u00e9s \u2014 v\u00e9rifiez-les \u00e0 l\u2019avance sur le site de votre soci\u00e9t\u00e9 de transport);<\/li>\n\n\n\n<li>Stations-service;<\/li>\n\n\n\n<li>Restaurants\u00a0(certaines cha\u00eenes et \u00e9tablissements ind\u00e9pendants peuvent toutefois r\u00e9duire leurs heures d\u2019ouverture);<\/li>\n\n\n\n<li>Supermarch\u00e9s\u00a0(les heures d\u2019ouverture peuvent varier selon les r\u00e9gions);<\/li>\n\n\n\n<li>Pharmacies\u00a0(certaines succursales pourraient ouvrir selon un horaire r\u00e9duit);<\/li>\n\n\n\n<li>Succursales de la Soci\u00e9t\u00e9 des alcools du Qu\u00e9bec (SAQ)\u00a0\u2013 certaines pourraient \u00eatre ouvertes, mais les horaires varient selon les succursales.<\/li>\n<\/ul>\n\n\n\n<h2 class=\"wp-block-heading\">Ce qui sera ferm\u00e9 :<\/h2>\n\n\n\n<ul class=\"wp-block-list\">\n<li>Centres commerciaux\u00a0(la majorit\u00e9 seront ferm\u00e9s pour la journ\u00e9e);<\/li>\n\n\n\n<li>Bureaux de Postes Canada;<\/li>\n\n\n\n<li>Points de services f\u00e9d\u00e9raux, provinciaux et municipaux;<\/li>\n\n\n\n<li>Biblioth\u00e8ques publiques;<\/li>\n\n\n\n<li>Banques et caisses populaires.<\/li>\n<\/ul>\n\n\n\n<h2 class=\"wp-block-heading\">\u00c0 noter<\/h2>\n\n\n\n<p>Avant de vous d\u00e9placer, assurez-vous de&nbsp;v\u00e9rifier les horaires d\u2019ouverture et de fermeture&nbsp;directement sur les&nbsp;sites web officiels&nbsp;des commerces et services concern\u00e9s.<br>Les horaires peuvent changer selon la r\u00e9gion, les politiques internes des entreprises ou la p\u00e9riode de l\u2019ann\u00e9e.<\/p>\n\n\n\n<p>Les informations publi\u00e9es sur les sites officiels \u2014 notamment les&nbsp;horaires de transport en commun, disponibles sur les sites des soci\u00e9t\u00e9s de transport locales \u2014 sont mises \u00e0 jour r\u00e9guli\u00e8rement pour garantir l\u2019exactitude des donn\u00e9es. Cela vous \u00e9vitera des d\u00e9placements inutiles et vous permettra de&nbsp;planifier efficacement votre journ\u00e9e de cong\u00e9.<\/p>\n\n\n\n<p>Les sites officiels peuvent \u00e9galement fournir des informations compl\u00e9mentaires, comme les&nbsp;restrictions temporaires, les services maintenus&nbsp;ou les&nbsp;mesures particuli\u00e8res&nbsp;en vigueur pendant ce jour f\u00e9ri\u00e9.<\/p>\n\n\n\n<p>Bonne Action de gr\u00e2ces et bon cong\u00e9 \u00e0 tous!\u00a0<\/p>\n","protected":false},"excerpt":{"rendered":"\u00c0 l\u2019occasion de l\u2019Action de gr\u00e2ces, plusieurs se demandent quels commerces garderont leurs portes ouvertes. Voici une liste br\u00e8ve qui vous permettra de vous organiser \u00e0 l\u2019avance! Ce qui sera ouvert et\/ou disponible : Ce qui sera ferm\u00e9 : \u00c0 [&hellip;]","protected":false},"author":1,"featured_media":20689,"comment_status":"open","ping_status":"open","sticky":false,"template":"","format":"standard","meta":{"footnotes":""},"categories":[1],"tags":[],"class_list":["post-20688","post","type-post","status-publish","format-standard","has-post-thumbnail","hentry","category-developpement-professionel"],"_links":{"self":[{"href":"https:\/\/www.jobillico.com\/blog\/wp-json\/wp\/v2\/posts\/20688","targetHints":{"allow":["GET"]}}],"collection":[{"href":"https:\/\/www.jobillico.com\/blog\/wp-json\/wp\/v2\/posts"}],"about":[{"href":"https:\/\/www.jobillico.com\/blog\/wp-json\/wp\/v2\/types\/post"}],"author":[{"embeddable":true,"href":"https:\/\/www.jobillico.com\/blog\/wp-json\/wp\/v2\/users\/1"}],"replies":[{"embeddable":true,"href":"https:\/\/www.jobillico.com\/blog\/wp-json\/wp\/v2\/comments?post=20688"}],"version-history":[{"count":1,"href":"https:\/\/www.jobillico.com\/blog\/wp-json\/wp\/v2\/posts\/20688\/revisions"}],"predecessor-version":[{"id":20691,"href":"https:\/\/www.jobillico.com\/blog\/wp-json\/wp\/v2\/posts\/20688\/revisions\/20691"}],"wp:featuredmedia":[{"embeddable":true,"href":"https:\/\/www.jobillico.com\/blog\/wp-json\/wp\/v2\/media\/20689"}],"wp:attachment":[{"href":"https:\/\/www.jobillico.com\/blog\/wp-json\/wp\/v2\/media?parent=20688"}],"wp:term":[{"taxonomy":"category","embeddable":true,"href":"https:\/\/www.jobillico.com\/blog\/wp-json\/wp\/v2\/categories?post=20688"},{"taxonomy":"post_tag","embeddable":true,"href":"https:\/\/www.jobillico.com\/blog\/wp-json\/wp\/v2\/tags?post=20688"}],"curies":[{"name":"wp","href":"https:\/\/api.w.org\/{rel}","templated":true}]}}