{"id":19402,"date":"2025-06-26T07:30:00","date_gmt":"2025-06-26T11:30:00","guid":{"rendered":"https:\/\/www.jobillico.com\/blog\/?p=19402"},"modified":"2025-06-01T15:19:04","modified_gmt":"2025-06-01T19:19:04","slug":"ouvert-ou-ferme-le-1er-juillet-fete-nationale-du-canada","status":"publish","type":"post","link":"https:\/\/www.jobillico.com\/blog\/ouvert-ou-ferme-le-1er-juillet-fete-nationale-du-canada\/","title":{"rendered":"Ouvert ou ferm\u00e9 le 1er juillet (f\u00eate nationale du Canada)?"},"content":{"rendered":"\n<p>\u00c0 l\u2019occasion de la f\u00eate nationale du Canada, de nombreuses personnes se demandent quels commerces garderont leurs portes ouvertes. Voici une liste br\u00e8ve qui vous permettra de vous organiser \u00e0 l\u2019avance!<\/p>\n\n\n\n<h2 class=\"wp-block-heading\" id=\"h-ce-qui-sera-ouvert-et-ou-disponible\">Ce qui sera ouvert et\/ou disponible :<\/h2>\n\n\n\n<ul class=\"wp-block-list\">\n<li>Transport en commun (prenez note qu\u2019il faudra v\u00e9rifier les horaires d\u2019autobus, qui sont sujet \u00e0 changement durant les <a href=\"\/blog\/le-1er-juillet-fete-nationale-du-canada-est-il-un-jour-ferie\/\">jours f\u00e9ri\u00e9s<\/a>);<\/li>\n\n\n\n<li>Stations-service;<\/li>\n\n\n\n<li>Restaurants;<\/li>\n\n\n\n<li>Supermarch\u00e9s (les heures d\u2019ouverture peuvent varier);<\/li>\n\n\n\n<li>Pharmacies (les heures d\u2019ouverture;<\/li>\n\n\n\n<li>Succursales de la Soci\u00e9t\u00e9 des alcools du Qu\u00e9bec (SAQ) (cela peut varier en fonction des succursales).<\/li>\n<\/ul>\n\n\n\n<h2 class=\"wp-block-heading\">Ce qui sera ferm\u00e9 :<\/h2>\n\n\n\n<ul class=\"wp-block-list\">\n<li>Centres commerciaux;<\/li>\n\n\n\n<li>Bureaux de Postes Canada;<\/li>\n\n\n\n<li>Points de services f\u00e9d\u00e9raux, provinciaux et municipaux;<\/li>\n\n\n\n<li>Biblioth\u00e8ques;<\/li>\n\n\n\n<li>Banques\/caisses.<\/li>\n<\/ul>\n\n\n\n<h2 class=\"wp-block-heading\"><em>\u00c0 NOTER<\/em><\/h2>\n\n\n\n<p>Prenez note qu&rsquo;il est absolument essentiel de v\u00e9rifier les horaires d&rsquo;ouverture et de fermeture des \u00e9tablissements sur les sites web officiels des diff\u00e9rents services avant de vous y rendre. Les horaires peuvent varier en fonction des jours de la semaine, des p\u00e9riodes de vacances, ou, dans le cas pr\u00e9sent, des jours f\u00e9ri\u00e9s. <\/p>\n\n\n\n<p>Les informations disponibles sur les sites web officiels &#8211; comme les horaires d&rsquo;autobus que vous pourrez v\u00e9rifier sur les sites de la soci\u00e9t\u00e9 de transport de votre ville &#8211; sont souvent mises \u00e0 jour r\u00e9guli\u00e8rement pour refl\u00e9ter ces changements, ce qui garantie avec certitude que vous disposiez des donn\u00e9es les plus pr\u00e9cises et actuelles. Cela peut aussi \u00e9viter des d\u00e9placements inutiles et vous permettre de planifier vos visites de mani\u00e8re efficace. Par ailleurs, les sites officiels peuvent \u00e9galement fournir des informations compl\u00e9mentaires utiles, telles que les modalit\u00e9s d&rsquo;acc\u00e8s, les services disponibles, et les restrictions en vigueur durant le jour f\u00e9ri\u00e9.<\/p>\n\n\n\n<p><strong>Bonne f\u00eate du Canada et bon cong\u00e9 \u00e0 tous!&nbsp;<\/strong><\/p>\n","protected":false},"excerpt":{"rendered":"\u00c0 l\u2019occasion de la f\u00eate nationale du Canada, de nombreuses personnes se demandent quels commerces garderont leurs portes ouvertes. Voici une liste br\u00e8ve qui vous permettra de vous organiser \u00e0 l\u2019avance! Ce qui sera ouvert et\/ou disponible : Ce qui [&hellip;]","protected":false},"author":1,"featured_media":19403,"comment_status":"open","ping_status":"open","sticky":false,"template":"","format":"standard","meta":{"footnotes":""},"categories":[486],"tags":[9498],"class_list":["post-19402","post","type-post","status-publish","format-standard","has-post-thumbnail","hentry","category-nouvelles-tendances","tag-jours-feries"],"_links":{"self":[{"href":"https:\/\/www.jobillico.com\/blog\/wp-json\/wp\/v2\/posts\/19402","targetHints":{"allow":["GET"]}}],"collection":[{"href":"https:\/\/www.jobillico.com\/blog\/wp-json\/wp\/v2\/posts"}],"about":[{"href":"https:\/\/www.jobillico.com\/blog\/wp-json\/wp\/v2\/types\/post"}],"author":[{"embeddable":true,"href":"https:\/\/www.jobillico.com\/blog\/wp-json\/wp\/v2\/users\/1"}],"replies":[{"embeddable":true,"href":"https:\/\/www.jobillico.com\/blog\/wp-json\/wp\/v2\/comments?post=19402"}],"version-history":[{"count":3,"href":"https:\/\/www.jobillico.com\/blog\/wp-json\/wp\/v2\/posts\/19402\/revisions"}],"predecessor-version":[{"id":19407,"href":"https:\/\/www.jobillico.com\/blog\/wp-json\/wp\/v2\/posts\/19402\/revisions\/19407"}],"wp:featuredmedia":[{"embeddable":true,"href":"https:\/\/www.jobillico.com\/blog\/wp-json\/wp\/v2\/media\/19403"}],"wp:attachment":[{"href":"https:\/\/www.jobillico.com\/blog\/wp-json\/wp\/v2\/media?parent=19402"}],"wp:term":[{"taxonomy":"category","embeddable":true,"href":"https:\/\/www.jobillico.com\/blog\/wp-json\/wp\/v2\/categories?post=19402"},{"taxonomy":"post_tag","embeddable":true,"href":"https:\/\/www.jobillico.com\/blog\/wp-json\/wp\/v2\/tags?post=19402"}],"curies":[{"name":"wp","href":"https:\/\/api.w.org\/{rel}","templated":true}]}}