{"id":18814,"date":"2025-10-16T07:30:00","date_gmt":"2025-10-16T11:30:00","guid":{"rendered":"https:\/\/www.jobillico.com\/blog\/?p=18814"},"modified":"2025-11-18T13:03:23","modified_gmt":"2025-11-18T18:03:23","slug":"cv-de-journaliste-a-telecharger-gratuitement","status":"publish","type":"post","link":"https:\/\/www.jobillico.com\/blog\/cv-de-journaliste-a-telecharger-gratuitement\/","title":{"rendered":"CV de journaliste \u00e0 t\u00e9l\u00e9charger gratuitement"},"content":{"rendered":"\n<p>Le journalisme est un domaine dynamique qui demande non seulement une excellente capacit\u00e9 \u00e0 \u00e9crire, mais aussi une curiosit\u00e9 intellectuelle et une rigueur dans la recherche d&rsquo;informations. Cr\u00e9er un curriculum vitae efficace est essentiel pour mettre en avant vos comp\u00e9tences, votre exp\u00e9rience et votre passion pour le journalisme. D\u00e9couvrez ci-dessous un exemple de <a href=\"\/blog\/rediger-un-cv-2024\/\">CV<\/a> con\u00e7u pour d\u00e9montrer ces qualit\u00e9s essentielles.<\/p>\n\n\n\n<p>Vous \u00eates journaliste? Voici une version t\u00e9l\u00e9chargeable gratuite de CV dans votre domaine&nbsp;:&nbsp;<\/p>\n\n\n\n<div class=\"wp-block-file\"><a id=\"wp-block-file--media-c11c9fb0-53f9-4716-8371-a4cd3440e2c7\" href=\"\/blog\/wp-content\/uploads\/2024\/03\/CV_journaliste.docx\">CV_journaliste<\/a><a href=\"\/blog\/wp-content\/uploads\/2024\/03\/CV_journaliste.docx\" class=\"wp-block-file__button wp-element-button\" download aria-describedby=\"wp-block-file--media-c11c9fb0-53f9-4716-8371-a4cd3440e2c7\"><\/a><\/div>\n\n\n\n<h2 class=\"wp-block-heading\"><strong>Vous avez besoin d\u2019autres conseils? Voici les n\u00f4tres!<\/strong><\/h2>\n\n\n\n<h2 class=\"wp-block-heading\" id=\"h-1-portfolio-de-travail\">1. <strong>Portfolio de travail :<\/strong><\/h2>\n\n\n\n<p>Incluez un lien vers un portfolio en ligne o\u00f9 vous pouvez pr\u00e9senter vos meilleurs articles, reportages ou projets journalistiques. Assurez-vous que votre portfolio soit bien organis\u00e9, facile \u00e0 naviguer et mette en valeur votre diversit\u00e9 de comp\u00e9tences en mati\u00e8re de journalisme.<\/p>\n\n\n\n<h2 class=\"wp-block-heading\">2. <strong>Articles de blogue ou contributions :<\/strong><\/h2>\n\n\n\n<p>Si vous avez contribu\u00e9 \u00e0 des blogs ou des sites web en dehors de votre travail principal, mentionnez-les dans votre CV. Cela montre votre engagement envers le journalisme ind\u00e9pendant et votre capacit\u00e9 \u00e0 g\u00e9n\u00e9rer du contenu de qualit\u00e9 en dehors des contraintes traditionnelles.<\/p>\n\n\n\n<h2 class=\"wp-block-heading\">3. <strong>Participation \u00e0 des podcasts ou des \u00e9missions :<\/strong><\/h2>\n\n\n\n<p>Si vous avez particip\u00e9 \u00e0 des podcasts ou des \u00e9missions de radio en tant qu&rsquo;invit\u00e9 ou animateur, cela peut \u00eatre un atout int\u00e9ressant \u00e0 inclure dans votre CV. Cela montre votre capacit\u00e9 \u00e0 communiquer efficacement \u00e0 l&rsquo;oral et votre visibilit\u00e9 dans les m\u00e9dias audio.<\/p>\n\n\n\n<h2 class=\"wp-block-heading\">4. <strong>Projets de journalisme citoyen :<\/strong><\/h2>\n\n\n\n<p>Si vous avez \u00e9t\u00e9 impliqu\u00e9 dans des projets de journalisme citoyen ou des initiatives communautaires visant \u00e0 promouvoir la transparence et la responsabilit\u00e9, mettez-les en avant dans votre CV. Cela d\u00e9montre votre engagement envers les valeurs d\u00e9mocratiques et votre volont\u00e9 de donner une voix aux communaut\u00e9s marginalis\u00e9es.<\/p>\n\n\n\n<h2 class=\"wp-block-heading\">5. <strong>Reconnaissances ou prix journalistiques :<\/strong><\/h2>\n\n\n\n<p>Si vous avez re\u00e7u des prix ou des reconnaissances pour votre travail journalistique, que ce soit pour des reportages d&rsquo;investigation, des articles d&rsquo;opinion ou des projets multim\u00e9dias, assurez-vous de les inclure dans votre CV pour renforcer votre cr\u00e9dibilit\u00e9 et votre r\u00e9putation professionnelle.<\/p>\n\n\n\n<h2 class=\"wp-block-heading\">6. <strong>Formation ou expertise sp\u00e9cialis\u00e9e :<\/strong><\/h2>\n\n\n\n<p>Mettez en avant toute formation sp\u00e9cialis\u00e9e ou expertise dans un domaine particulier qui pourrait \u00eatre pertinent pour votre carri\u00e8re journalistique. Par exemple, une certification en journalisme scientifique, en journalisme de donn\u00e9es ou en journalisme d&rsquo;investigation.<\/p>\n\n\n\n<h2 class=\"wp-block-heading\">7. <strong>Engagement sur les r\u00e9seaux sociaux :<\/strong><\/h2>\n\n\n\n<p>Si vous avez une pr\u00e9sence active sur les r\u00e9seaux sociaux professionnels comme Twitter, LinkedIn ou <a href=\"https:\/\/medium.com\/partner-program\">Medium<\/a>, incluez vos profils dans votre CV. Cela montre votre engagement envers la discussion et le partage d&rsquo;informations dans la sph\u00e8re journalistique en ligne.<\/p>\n\n\n\n<h2 class=\"wp-block-heading\">8. <strong>Projets collaboratifs :<\/strong><\/h2>\n\n\n\n<p>Mentionnez toute exp\u00e9rience de collaboration avec d&rsquo;autres journalistes, r\u00e9dactions ou organisations m\u00e9diatiques pour produire des projets journalistiques collaboratifs. Cela d\u00e9montre votre capacit\u00e9 \u00e0 travailler en \u00e9quipe et \u00e0 produire un journalisme de qualit\u00e9 \u00e0 grande \u00e9chelle.<\/p>\n\n\n\n<h2 class=\"wp-block-heading\">9. <strong>B\u00e9n\u00e9volat ou mentorat :<\/strong><\/h2>\n\n\n\n<p>Si vous avez \u00e9t\u00e9 impliqu\u00e9 dans des initiatives de mentorat pour les jeunes journalistes ou dans des projets b\u00e9n\u00e9voles visant \u00e0 renforcer les comp\u00e9tences journalistiques dans les communaut\u00e9s locales, mentionnez-les pour montrer votre engagement envers le d\u00e9veloppement professionnel et l&rsquo;impact social du journalisme.<\/p>\n\n\n\n<p>Bonne chance!<\/p>\n","protected":false},"excerpt":{"rendered":"Le journalisme est un domaine dynamique qui demande non seulement une excellente capacit\u00e9 \u00e0 \u00e9crire, mais aussi une curiosit\u00e9 intellectuelle et une rigueur dans la recherche d&rsquo;informations. Cr\u00e9er un curriculum vitae efficace est essentiel pour mettre en avant vos comp\u00e9tences, [&hellip;]","protected":false},"author":1,"featured_media":18824,"comment_status":"open","ping_status":"open","sticky":false,"template":"","format":"standard","meta":{"footnotes":""},"categories":[1],"tags":[4780,4784],"class_list":["post-18814","post","type-post","status-publish","format-standard","has-post-thumbnail","hentry","category-developpement-professionel","tag-exemples-de-cvs","tag-redaction-de-cvs"],"_links":{"self":[{"href":"https:\/\/www.jobillico.com\/blog\/wp-json\/wp\/v2\/posts\/18814","targetHints":{"allow":["GET"]}}],"collection":[{"href":"https:\/\/www.jobillico.com\/blog\/wp-json\/wp\/v2\/posts"}],"about":[{"href":"https:\/\/www.jobillico.com\/blog\/wp-json\/wp\/v2\/types\/post"}],"author":[{"embeddable":true,"href":"https:\/\/www.jobillico.com\/blog\/wp-json\/wp\/v2\/users\/1"}],"replies":[{"embeddable":true,"href":"https:\/\/www.jobillico.com\/blog\/wp-json\/wp\/v2\/comments?post=18814"}],"version-history":[{"count":6,"href":"https:\/\/www.jobillico.com\/blog\/wp-json\/wp\/v2\/posts\/18814\/revisions"}],"predecessor-version":[{"id":20719,"href":"https:\/\/www.jobillico.com\/blog\/wp-json\/wp\/v2\/posts\/18814\/revisions\/20719"}],"wp:featuredmedia":[{"embeddable":true,"href":"https:\/\/www.jobillico.com\/blog\/wp-json\/wp\/v2\/media\/18824"}],"wp:attachment":[{"href":"https:\/\/www.jobillico.com\/blog\/wp-json\/wp\/v2\/media?parent=18814"}],"wp:term":[{"taxonomy":"category","embeddable":true,"href":"https:\/\/www.jobillico.com\/blog\/wp-json\/wp\/v2\/categories?post=18814"},{"taxonomy":"post_tag","embeddable":true,"href":"https:\/\/www.jobillico.com\/blog\/wp-json\/wp\/v2\/tags?post=18814"}],"curies":[{"name":"wp","href":"https:\/\/api.w.org\/{rel}","templated":true}]}}