{"id":18319,"date":"2026-01-01T07:30:00","date_gmt":"2026-01-01T12:30:00","guid":{"rendered":"https:\/\/www.jobillico.com\/blog\/?p=18319"},"modified":"2026-01-11T14:58:42","modified_gmt":"2026-01-11T19:58:42","slug":"jours-feries-2026-au-quebec-la-liste-complete-de-vos-conges","status":"publish","type":"post","link":"https:\/\/www.jobillico.com\/blog\/jours-feries-2026-au-quebec-la-liste-complete-de-vos-conges\/","title":{"rendered":"Jours f\u00e9ri\u00e9s 2026 au Qu\u00e9bec : la liste compl\u00e8te de vos cong\u00e9s"},"content":{"rendered":"\n<p>Pour certains d\u2019entre vous, c\u2019est d\u00e9j\u00e0 le moment de programmer des activit\u00e9s et des petites vacances pour l\u2019ann\u00e9e qui arrive. Dans cet article, vous trouverez la liste compl\u00e8te des jours f\u00e9ri\u00e9s de 2026 au Qu\u00e9bec.\u00a0<\/p>\n\n\n\n<p>Au fil des saisons, chaque jour f\u00e9ri\u00e9 apporte son lot de festivit\u00e9s, de traditions et de rassemblements qui r\u00e9sonnent avec l&rsquo;identit\u00e9 collective de la province. De la f\u00eate nationale du Qu\u00e9bec \u00e0 la c\u00e9l\u00e9bration de No\u00ebl, chaque jour f\u00e9ri\u00e9 joue un r\u00f4le essentiel dans la tapisserie sociale de la province.<\/p>\n\n\n\n<h2 class=\"wp-block-heading\" id=\"h-voici-la-liste-compl-te-des-jours-f-ri-s-au-qu-bec-en-2025\">Voici la liste compl\u00e8te des jours f\u00e9ri\u00e9s au Qu\u00e9bec en 2026 :\u00a0<\/h2>\n\n\n\n<ul class=\"wp-block-list\">\n<li>Jour de l\u2019An \u2013 1<sup>er<\/sup> janvier<\/li>\n\n\n\n<li>Vendredi Saint \u2013 3 avril et\/ou lundi de P\u00e2ques \u2013 6 avril, au choix de l\u2019employeur<\/li>\n\n\n\n<li>Journ\u00e9e nationale des patriotes \u2013 18 mai<\/li>\n\n\n\n<li>F\u00eate nationale du Qu\u00e9bec \u2013 24 juin (<strong><a href=\"https:\/\/www.legisquebec.gouv.qc.ca\/en\/document\/cs\/f-1.1?langCont=fr#se:6\">\u00e0 v\u00e9rifier avec votre employeur<\/a><\/strong>)<\/li>\n\n\n\n<li>F\u00eate du Canada \u2013 1<sup>er<\/sup> juillet <strong>(\u00e0 v\u00e9rifier avec votre employeur)<\/strong><\/li>\n\n\n\n<li>F\u00eate du Travail \u2013 7 septembre<\/li>\n\n\n\n<li>Action de gr\u00e2ce \u2013 12 octobre<\/li>\n\n\n\n<li>No\u00ebl \u2013 25 d\u00e9cembre<\/li>\n<\/ul>\n\n\n\n<h2 class=\"wp-block-heading\">Que faire si vous travaillez pendant un jour f\u00e9ri\u00e9?<\/h2>\n\n\n\n<p>Dans plusieurs domaines et dans certaines entreprises, vous serez amen\u00e9 \u00e0<a href=\"https:\/\/educaloi.qc.ca\/capsules\/les-conges-feries\/\" target=\"_blank\" rel=\"noreferrer noopener\">&nbsp;travailler durant un jour f\u00e9ri\u00e9<\/a>. Par ailleurs, si cela vous arrive, sachez que vous avez droit \u00e0 un cong\u00e9 compensatoire ou \u00e0 une indemnit\u00e9. Ce choix revient \u00e0 votre employeur. S\u2019il vous octroie un cong\u00e9, celui-ci devra \u00eatre pris dans les 3 semaines avant ou apr\u00e8s le jour f\u00e9ri\u00e9 travaill\u00e9. Cette condition ne s\u2019applique pas \u00e0 la f\u00eate nationale.<\/p>\n\n\n\n<p>Si vous \u00eates en vacances pendant un jour f\u00e9ri\u00e9 ou que vous ne travaillez pas durant cette journ\u00e9e, votre employeur a le choix de vous offrir un cong\u00e9 compensatoire (journ\u00e9e de r\u00e9cup\u00e9ration) ou une compensation financi\u00e8re.<\/p>\n\n\n\n<h2 class=\"wp-block-heading\">Que faire si le jour f\u00e9ri\u00e9 tombe un jour non ouvrable?<\/h2>\n\n\n\n<p>Conform\u00e9ment aux&nbsp;<a href=\"https:\/\/www.canada.ca\/fr\/services\/emplois\/milieu-travail\/normes-travail-federales\/conges-jours-feries.html\">normes du travail f\u00e9d\u00e9rales<\/a>, si le jour f\u00e9ri\u00e9 tombe un jour non ouvrable, soit un samedi ou un dimanche, vous avez droit \u00e0 un cong\u00e9 pay\u00e9 le jour ouvrable qui suit ou qui pr\u00e9c\u00e8de le jour f\u00e9ri\u00e9. Cela vaut pour le jour de l\u2019an, la f\u00eate du Canada, la Journ\u00e9e nationale de la v\u00e9rit\u00e9 et de la r\u00e9conciliation, le jour du Souvenir, le jour de No\u00ebl ou m\u00eame le lendemain de No\u00ebl. Si le jour f\u00e9ri\u00e9 ne figure pas dans cette liste, vous pouvez tout de m\u00eame b\u00e9n\u00e9ficier d\u2019un jour f\u00e9ri\u00e9 pay\u00e9 ajout\u00e9 \u00e0 votre cong\u00e9 annuel, mais cela n\u00e9cessitera que vous en discutiez avec votre employeur.<\/p>\n\n\n\n<h2 class=\"wp-block-heading\">\u00c0 NOTER<\/h2>\n\n\n\n<p>Veuillez prendre note qu\u2019il est n\u00e9cessaire de discuter des jours f\u00e9ri\u00e9s et de vos cong\u00e9s avec votre employeur. Dans certains domaines ou dans certaines entreprises, vous devez tout de m\u00eame vous pr\u00e9senter au travail durant les jours f\u00e9ri\u00e9s. Si vous \u00eates un employeur, nous vous sugg\u00e9rons de mettre en place un calendrier permettant aux employ\u00e9s d\u2019\u00eatre tenus \u00e0 jour \u00e0 propos des jours f\u00e9ri\u00e9s durant lesquels ils doivent ou non se pr\u00e9senter au travail.<\/p>\n","protected":false},"excerpt":{"rendered":"Pour certains d\u2019entre vous, c\u2019est d\u00e9j\u00e0 le moment de programmer des activit\u00e9s et des petites vacances pour l\u2019ann\u00e9e qui arrive. Dans cet article, vous trouverez la liste compl\u00e8te des jours f\u00e9ri\u00e9s de 2026 au Qu\u00e9bec.\u00a0 Au fil des saisons, chaque [&hellip;]","protected":false},"author":1,"featured_media":18320,"comment_status":"open","ping_status":"open","sticky":false,"template":"","format":"standard","meta":{"footnotes":""},"categories":[1],"tags":[9498],"class_list":["post-18319","post","type-post","status-publish","format-standard","has-post-thumbnail","hentry","category-developpement-professionel","tag-jours-feries"],"_links":{"self":[{"href":"https:\/\/www.jobillico.com\/blog\/wp-json\/wp\/v2\/posts\/18319","targetHints":{"allow":["GET"]}}],"collection":[{"href":"https:\/\/www.jobillico.com\/blog\/wp-json\/wp\/v2\/posts"}],"about":[{"href":"https:\/\/www.jobillico.com\/blog\/wp-json\/wp\/v2\/types\/post"}],"author":[{"embeddable":true,"href":"https:\/\/www.jobillico.com\/blog\/wp-json\/wp\/v2\/users\/1"}],"replies":[{"embeddable":true,"href":"https:\/\/www.jobillico.com\/blog\/wp-json\/wp\/v2\/comments?post=18319"}],"version-history":[{"count":7,"href":"https:\/\/www.jobillico.com\/blog\/wp-json\/wp\/v2\/posts\/18319\/revisions"}],"predecessor-version":[{"id":20803,"href":"https:\/\/www.jobillico.com\/blog\/wp-json\/wp\/v2\/posts\/18319\/revisions\/20803"}],"wp:featuredmedia":[{"embeddable":true,"href":"https:\/\/www.jobillico.com\/blog\/wp-json\/wp\/v2\/media\/18320"}],"wp:attachment":[{"href":"https:\/\/www.jobillico.com\/blog\/wp-json\/wp\/v2\/media?parent=18319"}],"wp:term":[{"taxonomy":"category","embeddable":true,"href":"https:\/\/www.jobillico.com\/blog\/wp-json\/wp\/v2\/categories?post=18319"},{"taxonomy":"post_tag","embeddable":true,"href":"https:\/\/www.jobillico.com\/blog\/wp-json\/wp\/v2\/tags?post=18319"}],"curies":[{"name":"wp","href":"https:\/\/api.w.org\/{rel}","templated":true}]}}