{"id":16676,"date":"2025-04-25T07:30:00","date_gmt":"2025-04-25T11:30:00","guid":{"rendered":"https:\/\/www.jobillico.com\/blog\/?p=16676"},"modified":"2025-05-05T15:50:12","modified_gmt":"2025-05-05T19:50:12","slug":"pourquoi-et-comment-maintenir-son-cv-a-jour","status":"publish","type":"post","link":"https:\/\/www.jobillico.com\/blog\/pourquoi-et-comment-maintenir-son-cv-a-jour\/","title":{"rendered":"Pourquoi et comment maintenir son CV \u00e0 jour"},"content":{"rendered":"\n<p>Dans le contexte actuel de mises \u00e0 pied de masse, garder son <a href=\"https:\/\/www.profilia.ca\/blog\/les-subtilites-dun-cv-en-2022-entretien-avec-isarta-infos-par-philippe-jean-poirier\/\">CV<\/a> \u00e0 jour demeure un sujet qui est toujours tr\u00e8s \u00e0 propos.\u00a0<\/p>\n\n\n\n<p>Souvent pouss\u00e9 par le d\u00e9sir de changement, soit au niveau personnel ou professionnel, ce processus peut parfois nous sembler stressant, complexe, et intimidant. Cependant, lorsque bien planifi\u00e9s, ces efforts apportent une valeur inestimable \u00e0 l\u2019atteinte de nos objectifs.&nbsp;&nbsp;<\/p>\n\n\n\n<p>Alors, sachant que plusieurs choisissent plut\u00f4t de s\u2019y prendre \u00e0 la derni\u00e8re minute, ou lorsqu\u2019un besoin se pr\u00e9sente, pourquoi est-il si important de maintenir son <a href=\"\/blog\/rediger-un-cv-2023\/\">CV<\/a> \u00e0 jour?&nbsp;<\/p>\n\n\n\n<ol class=\"wp-block-list\" type=\"1\">\n<li>&nbsp;Demeurer pr\u00eat(e) \u00e0 r\u00e9pondre \u00e0 toute opportunit\u00e9 ou offre inattendue&nbsp;<\/li>\n\n\n\n<li>&nbsp;\u00c9viter le stress de travailler contre la montre (dont les oublis et les erreurs), en se donnant le cadeau du temps&nbsp;<\/li>\n\n\n\n<li>&nbsp;S\u2019assurer de ne pas oublier de d\u00e9tails (dates, mesurables, formations, r\u00e9alisations, etc.), car la m\u00e9moire est une facult\u00e9 qui oublie!&nbsp;<\/li>\n\n\n\n<li>&nbsp;Rester pr\u00eat \u00e0 se relever rapidement, en cas de mise \u00e0 pied ou de licenciement&nbsp;<\/li>\n\n\n\n<li>&nbsp;Optimiser l\u2019utilisation de son temps si une opportunit\u00e9 se pr\u00e9sente, et de l\u2019investir plut\u00f4t dans la pr\u00e9paration d\u2019entrevue&nbsp;<\/li>\n<\/ol>\n\n\n\n<p>Alors, comment s\u2019y prendre pour s\u2019assurer d\u2019avoir un CV qui est toujours actualis\u00e9, m\u00eame si nous ne sommes pas en recherche active d\u2019emploi?&nbsp;<\/p>\n\n\n\n<p>Voici donc 3 astuces pour s\u2019aider d\u2019avance, soutenant ainsi son succ\u00e8s professionnel.<\/p>\n\n\n\n<p><strong>1 &#8211; Garder une version \u00ab\u00a0vivante\u00a0\u00bb de son CV<\/strong><\/p>\n\n\n\n<p>Le secret afin d\u2019\u00e9viter d\u2019avoir \u00e0 se rattraper, souvent des ann\u00e9es plus tard, est de garder une version de son <a href=\"https:\/\/www.profilia.ca\/blog\/5-astuces-pour-rediger-un-cv-accrocheur\/\">CV qui \u00e9volue avec nous<\/a>. En fait, le principe est le m\u00eame que la mise \u00e0 jour de son <a href=\"https:\/\/www.walterspeople.fr\/conseils-carriere\/conseils-candidature-et-recherche-d-emploi\/conseils-pour-ameliorer-profil-linkedin.html\">profil LinkedIn<\/a>, lors d\u2019une promotion ou d\u2019un changement d\u2019employeur.&nbsp;&nbsp;&nbsp;<\/p>\n\n\n\n<p>Donc, faire vivre son CV implique l\u2019ajout de nos nouveaux r\u00f4les au fur et \u00e0 mesure qu\u2019ils surviennent. Ainsi, la structure du document demeure compl\u00e8te, et pr\u00eate \u00e0 recevoir son contenu d\u00e9taill\u00e9, en temps opportun.&nbsp;<\/p>\n\n\n\n<p>N\u2019oublions pas qu\u2019un CV ne se doit pas d\u2019\u00eatre l\u2019histoire compl\u00e8te de notre vie. Donc, dans le souci de maintenir un contenu pertinent (et sur un maximum de 2 pages), l\u2019ajout de nouveaux r\u00f4les est souvent accompagn\u00e9 de l\u2019\u00e9limination d\u2019anciens postes. Ceux-ci peuvent tout de m\u00eame demeurer pr\u00e9sents sur le profil LinkedIn, selon la valeur qu\u2019ils apportent \u00e0 notre cheminement.&nbsp;<\/p>\n\n\n\n<p><strong>2 &#8211; Documenter ses r\u00e9alisations \u00e0 mesure qu\u2019elles surviennent&nbsp;<\/strong><\/p>\n\n\n\n<p>Une excellente habitude \u00e0 prendre! Que ce soit par mode \u00e9lectronique ou simplement \u00e9crit \u00e0 la main, la mani\u00e8re de documenter nos r\u00e9alisations varie selon le style de chacun. Cependant, le raisonnement et le r\u00e9sultat final sont ce qui importe le plus\u202f: reconnaitre et documenter ses succ\u00e8s, afin de bien communiquer notre valeur ajout\u00e9e.&nbsp;&nbsp;<\/p>\n\n\n\n<p>Les types de r\u00e9alisations possibles varient grandement selon la cat\u00e9gorie de r\u00f4les et les industries. Certaines sont quantifiables, d\u2019autres le sont moins. Certaines sont reconnues par nos sup\u00e9rieurs dans nos \u00e9valuations annuelles de performance, d\u2019autres ne le sont pas.&nbsp;&nbsp;<\/p>\n\n\n\n<p>R\u00e9fl\u00e9chir \u00e0 son apport est un exercice en soi, qui demande souvent du recul ou une r\u00e9flexion approfondie. Des exemples de r\u00e9alisations incluent la croissance d\u2019un chiffre d\u2019affaires, la mise en place de nouvelles proc\u00e9dures, la diminution des co\u00fbts, la r\u00e9duction du taux de roulement d\u2019employ\u00e9s, la mise en place de nouveaux partenariats, le taux de satisfaction de la client\u00e8le, l\u2019atteinte des objectifs \u00e9tablis, l\u2019obtention d\u2019un prix, etc.&nbsp;<\/p>\n\n\n\n<p><strong>3 &#8211; Maintenir un acc\u00e8s sans restriction \u00e0 ses notes et documents&nbsp;<\/strong><\/p>\n\n\n\n<p>Trop souvent, il arrive encore que les gens soient remerci\u00e9s de leur r\u00f4le et imm\u00e9diatement escort\u00e9s pour quitter les lieux. R\u00e9sultat? Une perte instantan\u00e9e de tous les acc\u00e8s \u00e0 notre ordinateur de travail, incluant nos notes personnelles et rapports de performance s\u2019y trouvant.&nbsp;&nbsp;<\/p>\n\n\n\n<p>Quoique la perte d\u2019un emploi soit g\u00e9n\u00e9ralement hors de notre contr\u00f4le, la perte de nos documents personnels, elle, est tout \u00e0 fait \u00e9vitable. Pensez-y bien! Et si vous perdiez vos acc\u00e8s demain?&nbsp;<\/p>\n\n\n\n<p>La solution proactive afin de mitiger ce risque est de s\u2019envoyer les documents en question \u00e0 une adresse courriel personnelle. S\u2019imprimer des copies papier et les conserver \u00e0 la maison est une autre alternative \u00e0 envisager. En d\u2019autres mots, se garder des copies \u00e0 la maison pour tous nos documents portant sur nos r\u00e9alisations, succ\u00e8s, formations, performance, etc.&nbsp;&nbsp;&nbsp;&nbsp;&nbsp;&nbsp;<\/p>\n\n\n\n<p>\u00c0 noter ici qu\u2019il est important de ne pas confondre le terme \u00ab\u00a0\u00e0 jour\u00a0\u00bb et le fait d\u2019\u00eatre pr\u00eat \u00e0 envoyer son CV \u00e0 un recruteur, tel quel. En fait, l\u2019id\u00e9e est d\u2019en maintenir la structure et les renseignements principaux, pour \u00e9viter de devoir r\u00e9cup\u00e9rer tous ces d\u00e9tails dans un futur \u00e9loign\u00e9. Cependant, le temps venu de soumettre une candidature, il demeure conseill\u00e9 de personnaliser le contenu de chaque CV selon les exigences du poste et les mots cl\u00e9s de l\u2019industrie.&nbsp;&nbsp;<\/p>\n","protected":false},"excerpt":{"rendered":"Dans le contexte actuel de mises \u00e0 pied de masse, garder son CV \u00e0 jour demeure un sujet qui est toujours tr\u00e8s \u00e0 propos.\u00a0 Souvent pouss\u00e9 par le d\u00e9sir de changement, soit au niveau personnel ou professionnel, ce processus peut [&hellip;]","protected":false},"author":9,"featured_media":16685,"comment_status":"open","ping_status":"open","sticky":false,"template":"","format":"standard","meta":{"footnotes":""},"categories":[4754,481],"tags":[4784],"class_list":["post-16676","post","type-post","status-publish","format-standard","has-post-thumbnail","hentry","category-cv","category-cv-lettres-de-presentation","tag-redaction-de-cvs"],"_links":{"self":[{"href":"https:\/\/www.jobillico.com\/blog\/wp-json\/wp\/v2\/posts\/16676","targetHints":{"allow":["GET"]}}],"collection":[{"href":"https:\/\/www.jobillico.com\/blog\/wp-json\/wp\/v2\/posts"}],"about":[{"href":"https:\/\/www.jobillico.com\/blog\/wp-json\/wp\/v2\/types\/post"}],"author":[{"embeddable":true,"href":"https:\/\/www.jobillico.com\/blog\/wp-json\/wp\/v2\/users\/9"}],"replies":[{"embeddable":true,"href":"https:\/\/www.jobillico.com\/blog\/wp-json\/wp\/v2\/comments?post=16676"}],"version-history":[{"count":4,"href":"https:\/\/www.jobillico.com\/blog\/wp-json\/wp\/v2\/posts\/16676\/revisions"}],"predecessor-version":[{"id":20519,"href":"https:\/\/www.jobillico.com\/blog\/wp-json\/wp\/v2\/posts\/16676\/revisions\/20519"}],"wp:featuredmedia":[{"embeddable":true,"href":"https:\/\/www.jobillico.com\/blog\/wp-json\/wp\/v2\/media\/16685"}],"wp:attachment":[{"href":"https:\/\/www.jobillico.com\/blog\/wp-json\/wp\/v2\/media?parent=16676"}],"wp:term":[{"taxonomy":"category","embeddable":true,"href":"https:\/\/www.jobillico.com\/blog\/wp-json\/wp\/v2\/categories?post=16676"},{"taxonomy":"post_tag","embeddable":true,"href":"https:\/\/www.jobillico.com\/blog\/wp-json\/wp\/v2\/tags?post=16676"}],"curies":[{"name":"wp","href":"https:\/\/api.w.org\/{rel}","templated":true}]}}