{"id":15779,"date":"2024-11-14T07:30:00","date_gmt":"2024-11-14T12:30:00","guid":{"rendered":"https:\/\/www.jobillico.com\/blog\/?p=15779"},"modified":"2024-11-17T21:02:44","modified_gmt":"2024-11-18T02:02:44","slug":"vacances-de-la-construction-2025","status":"publish","type":"post","link":"https:\/\/www.jobillico.com\/blog\/vacances-de-la-construction-2025\/","title":{"rendered":"Vacances de la construction 2025 : tout ce qu&rsquo;il faut savoir"},"content":{"rendered":"\n<h2 class=\"wp-block-heading\" id=\"h-qu-est-ce-que-les-vacances-de-la-construction\">Qu\u2019est-ce que les vacances de la construction?<\/h2>\n\n\n\n<p>Les vacances de la construction, c\u2019est une p\u00e9riode de deux semaines durant laquelle la quasi-totalit\u00e9 des travailleurs sur les chantiers de la construction au Qu\u00e9bec b\u00e9n\u00e9ficie d\u2019un cong\u00e9 obligatoire.<\/p>\n\n\n\n<p>Ces deux semaines commencent lors des deux derniers dimanches du mois de juillet de chaque ann\u00e9e.<\/p>\n\n\n\n<h2 class=\"wp-block-heading\" id=\"h-les-dates-des-vacances-de-la-construction-en-2025\">Les dates des vacances de la construction en 2025<\/h2>\n\n\n\n<p>Pour cette ann\u00e9e, les vacances d\u2019\u00e9t\u00e9 de la construction auront lieu du 20 juillet au 2 ao\u00fbt 2025 inclusivement. Ainsi, la majorit\u00e9 des chantiers cesseront partout dans la province.<\/p>\n\n\n\n<p>Plus tard dans l\u2019ann\u00e9e, tous les chantiers devront \u00eatre ferm\u00e9s durant deux semaines \u00e0 la p\u00e9riode des f\u00eates, soit du 21 d\u00e9cembre 2025 au 3 janvier 2026.<\/p>\n\n\n\n<h3 class=\"wp-block-heading\" id=\"h-quelle-est-l-histoire-de-ces-vacances\">Quelle est l\u2019histoire de ces vacances?<\/h3>\n\n\n\n<p>Pour tout savoir, il faut remonter \u00e0 l\u2019ann\u00e9e 1970. Cette ann\u00e9e-l\u00e0, le gouvernement de l\u2019\u00e9poque avait mis en place les vacances de la construction \u00e0 la demande des syndicats.<\/p>\n\n\n\n<p>L\u2019objectif \u00e9tait que la p\u00e9riode d\u2019arr\u00eat des chantiers soit la m\u00eame pour tous.<\/p>\n\n\n\n<p>Dans le domaine de la construction r\u00e9sidentielle, il faut savoir que chaque entreprise a le droit de s\u2019entendre avec ses travailleurs pour arr\u00eater une date de vacances.<\/p>\n\n\n\n<h2 class=\"wp-block-heading\" id=\"h-les-vacances-de-la-construction-sont-elles-pay-es\">Les vacances de la construction sont-elles pay\u00e9es?<\/h2>\n\n\n\n<p>La r\u00e9ponse est oui. Ces vacances sont pay\u00e9es et consid\u00e9r\u00e9es comme des cong\u00e9s pay\u00e9s obligatoires.<\/p>\n\n\n\n<p>Voici la fa\u00e7on dont \u00e7a fonctionne :&nbsp;<\/p>\n\n\n\n<p>La Commission de la Construction du Qu\u00e9bec<a href=\"https:\/\/www.ccq.org\/fr-CA\/avantages-sociaux\/dates-conges-vacances\" target=\"_blank\" rel=\"noreferrer noopener\"> re\u00e7oit chaque mois de la part des employeurs les indemnit\u00e9s de cong\u00e9s <\/a>annuels obligatoires. Cela comprend aussi les jours f\u00e9ri\u00e9s et les journ\u00e9es de cong\u00e9 maladie. Au total, ces montants repr\u00e9sentent 13% des salaires gagn\u00e9s chaque semaine par les ouvriers de la construction.&nbsp;<\/p>\n\n\n\n<p>Ces 13% sont r\u00e9partis de la fa\u00e7on suivante :&nbsp;<\/p>\n\n\n\n<ul class=\"wp-block-list\">\n<li>Cong\u00e9s annuels : 6%<\/li>\n\n\n\n<li>Jours f\u00e9ri\u00e9s ch\u00f4m\u00e9s : 5.5%<\/li>\n\n\n\n<li>Cong\u00e9s maladie : 1.5%<\/li>\n<\/ul>\n\n\n\n<p>La CCQ verse aux salari\u00e9s ces indemnit\u00e9s deux fois par an.<\/p>\n\n\n\n<h3 class=\"wp-block-heading\" id=\"h-quand-est-ce-que-les-cong-s-sont-pay-s\">Quand est-ce que les cong\u00e9s sont pay\u00e9s?<\/h3>\n\n\n\n<p>Deux possibilit\u00e9s existent pour le paiement des cong\u00e9s de la construction :&nbsp;<\/p>\n\n\n\n<ul class=\"wp-block-list\">\n<li>Pendant les huit derniers jours du mois de juin pour les montants cr\u00e9dit\u00e9s entre juillet et d\u00e9cembre de l\u2019ann\u00e9e qui pr\u00e9c\u00e8de.<\/li>\n\n\n\n<li>Dans les huit derniers jours du mois de novembre pour les montants cr\u00e9dit\u00e9s entre janvier et juin de la m\u00eame ann\u00e9e.<\/li>\n<\/ul>\n\n\n\n<p>Voil\u00e0, maintenant vous savez tout sur les vacances de la construction au Qu\u00e9bec. C\u2019est souvent la p\u00e9riode de l\u2019ann\u00e9e durant laquelle les Qu\u00e9b\u00e9cois aiment partir en vacances. C\u2019est aussi la p\u00e9riode durant laquelle il est difficile de trouver une place dans un h\u00e9bergement touristique. Pour cette raison qu\u2019il faut toujours s\u2019y prendre \u00e0 l\u2019avance quand on r\u00e9serve nos vacances.<\/p>\n","protected":false},"excerpt":{"rendered":"Envie de planifier vos vacances? D\u00e9couvrez tout ce qu&rsquo;il y a \u00e0 savoir sur les vacances de la construction au Qu\u00e9bec en 2025.","protected":false},"author":2,"featured_media":17270,"comment_status":"open","ping_status":"open","sticky":false,"template":"","format":"standard","meta":{"footnotes":""},"categories":[486],"tags":[],"class_list":["post-15779","post","type-post","status-publish","format-standard","has-post-thumbnail","hentry","category-nouvelles-tendances"],"_links":{"self":[{"href":"https:\/\/www.jobillico.com\/blog\/wp-json\/wp\/v2\/posts\/15779","targetHints":{"allow":["GET"]}}],"collection":[{"href":"https:\/\/www.jobillico.com\/blog\/wp-json\/wp\/v2\/posts"}],"about":[{"href":"https:\/\/www.jobillico.com\/blog\/wp-json\/wp\/v2\/types\/post"}],"author":[{"embeddable":true,"href":"https:\/\/www.jobillico.com\/blog\/wp-json\/wp\/v2\/users\/2"}],"replies":[{"embeddable":true,"href":"https:\/\/www.jobillico.com\/blog\/wp-json\/wp\/v2\/comments?post=15779"}],"version-history":[{"count":10,"href":"https:\/\/www.jobillico.com\/blog\/wp-json\/wp\/v2\/posts\/15779\/revisions"}],"predecessor-version":[{"id":20065,"href":"https:\/\/www.jobillico.com\/blog\/wp-json\/wp\/v2\/posts\/15779\/revisions\/20065"}],"wp:featuredmedia":[{"embeddable":true,"href":"https:\/\/www.jobillico.com\/blog\/wp-json\/wp\/v2\/media\/17270"}],"wp:attachment":[{"href":"https:\/\/www.jobillico.com\/blog\/wp-json\/wp\/v2\/media?parent=15779"}],"wp:term":[{"taxonomy":"category","embeddable":true,"href":"https:\/\/www.jobillico.com\/blog\/wp-json\/wp\/v2\/categories?post=15779"},{"taxonomy":"post_tag","embeddable":true,"href":"https:\/\/www.jobillico.com\/blog\/wp-json\/wp\/v2\/tags?post=15779"}],"curies":[{"name":"wp","href":"https:\/\/api.w.org\/{rel}","templated":true}]}}