{"id":15294,"date":"2023-06-07T07:16:33","date_gmt":"2023-06-07T11:16:33","guid":{"rendered":"https:\/\/www.jobillico.com\/blog\/?p=15294"},"modified":"2023-06-07T07:16:34","modified_gmt":"2023-06-07T11:16:34","slug":"cv-pour-retraite-astuces-et-conseils-de-redaction","status":"publish","type":"post","link":"https:\/\/www.jobillico.com\/blog\/cv-pour-retraite-astuces-et-conseils-de-redaction\/","title":{"rendered":"CV pour retrait\u00e9 : astuces et conseils de r\u00e9daction"},"content":{"rendered":"\n<p>Nombreuses sont les personnes \u00e0 la retraite qui souhaitent retourner au travail. Souvent, les personnes de plus de 60 ans se sentent d\u00e9connect\u00e9es du monde du travail et ont de la difficult\u00e9 \u00e0 r\u00e9diger un CV \u00e0 la hauteur de leurs comp\u00e9tences.<\/p>\n\n\n\n<p>Dans cet article nous nous int\u00e9ressons \u00e0 la bonne fa\u00e7on de r\u00e9diger un CV pour retrait\u00e9s et des aspects que doit contenir le CV afin d\u2019attirer des employeurs et de <a href=\"\/blog\/10-choses-a-faire-pour-trouver-un-emploi\/\" target=\"_blank\" rel=\"noreferrer noopener\">trouver un emploi.<\/a><\/p>\n\n\n\n<h2 class=\"wp-block-heading\" id=\"h-pourquoi-certaines-personnes-travaillent-apr-s-la-retraite\">Pourquoi certaines personnes travaillent apr\u00e8s la retraite?<\/h2>\n\n\n\n<p>Il y a plusieurs raisons pour lesquelles des personnes \u00e0 la retraite choisissent de travailler. Certaines pour avoir un compl\u00e9ment de salaire, d\u2019autres pour rester actives et tisser des liens au travail.<\/p>\n\n\n\n<p>Le plus souvent, les retrait\u00e9s choisissent des emplois \u00e0 temps partiel dans des domaines dans lesquels ils ne sont pas forc\u00e9ment exp\u00e9riment\u00e9s. Ainsi, les employeurs ont le choix entre des \u00e9tudiants et des personnes fra\u00eechement retrait\u00e9es.<\/p>\n\n\n\n<p>Le fait de travailler apr\u00e8s la retraite peut engendrer du stress et des doutes. Une personne \u00e0 la retraite peut se demander si elle est apte \u00e0 travailler et si elle ne sera pas d\u00e9pass\u00e9e par la technologie ou par le rythme de travail impos\u00e9 dans certains secteurs.<\/p>\n\n\n\n<h2 class=\"wp-block-heading\" id=\"h-comment-crire-son-cv-quand-on-est-la-retraite\">Comment \u00e9crire son CV quand on est \u00e0 la retraite?<\/h2>\n\n\n\n<p>Le principal d\u00e9fi d\u2019\u00e9crire son CV quand on est \u00e0 la retraite, c\u2019est de remettre ses exp\u00e9riences professionnelles et ses aptitudes dans le contexte actuel de la recherche d\u2019emploi. En tant que personne \u00e0 la retraite, vous n\u2019\u00eates pas oblig\u00e9 d\u2019oublier et de nier tout ce que vous avez fait durant votre carri\u00e8re, mais de le pr\u00e9senter diff\u00e9remment.<\/p>\n\n\n\n<p>Pour bien r\u00e9diger son CV quand on est \u00e0 la retraite, il faut envisager un ordre chronologique inverse, \u00e0 savoir commencer par la fin de votre carri\u00e8re et remonter dans le temps. Vous devriez vous arr\u00eater \u00e0 un maximum de 15 ans en arri\u00e8re. Autrement, les recruteurs pourraient vous juger en d\u00e9calage avec les r\u00e9alit\u00e9s actuelles du travail.<\/p>\n\n\n\n<p>Voici donc les sections que vous pouvez ajouter \u00e0 votre CV en tant que retrait\u00e9 :&nbsp;<\/p>\n\n\n\n<ul class=\"wp-block-list\">\n<li>Vos activit\u00e9s depuis que vous avez pris votre retraite<\/li>\n\n\n\n<li>Votre historique d&#8217;emplois<\/li>\n\n\n\n<li>Un sommaire de vos qualit\u00e9s et aptitudes<\/li>\n\n\n\n<li>Votre formation<\/li>\n<\/ul>\n\n\n\n<h3 class=\"wp-block-heading\" id=\"h-vos-activit-s-depuis-que-vous-avez-pris-votre-retraite\">Vos activit\u00e9s depuis que vous avez pris votre retraite<\/h3>\n\n\n\n<p>Dans cette section, vous <a href=\"\/blog\/comment-repondre-a-parlez-moi-de-vous\/\" target=\"_blank\" rel=\"noreferrer noopener\">insistez sur ce que vous avez fait durant vos ann\u00e9es de retraite.<\/a> M\u00eame si ces activit\u00e9s n\u2019ont aucun lien avec l\u2019emploi auquel vous postulez, ce n\u2019est pas grave. Le plus important, c\u2019est de prouver au recruteur que vous \u00eates actif et que vous avez des passions et des occupations, m\u00eame si vous n\u2019\u00eates plus en emploi.<\/p>\n\n\n\n<h3 class=\"wp-block-heading\" id=\"h-votre-historique-d-emplois\">Votre historique d\u2019emplois<\/h3>\n\n\n\n<p>Dans cette section, indiquez les postes que vous avez occup\u00e9s sans entrer dans les d\u00e9tails ni r\u00e9diger des descriptions de vos anciens emplois. \u00c0 moins que vos t\u00e2ches co\u00efncident avec celles du poste que vous convoitez, l\u2019employeur ne s&rsquo;attend pas \u00e0 vous juger sur ce que vous avez accompli durant vos ann\u00e9es de travail.<\/p>\n\n\n\n<p>Les recruteurs pr\u00e9f\u00e9reront donc vous choisir sur la base de ce que vous \u00eates devenu, \u00e0 savoir une personne motiv\u00e9e et pr\u00eate \u00e0 relever de nouveaux d\u00e9fis. Concentrez-vous donc sur les aptitudes et les qualit\u00e9s requises pour tout emploi.<\/p>\n\n\n\n<h3 class=\"wp-block-heading\" id=\"h-un-sommaire-de-vos-qualit-s-et-aptitudes\">Un sommaire de vos qualit\u00e9s et aptitudes<\/h3>\n\n\n\n<p>Vous avez acquis des aptitudes personnelles et professionnelles qui peuvent s\u2019appliquer \u00e0 tous les postes. Vous pouvez aussi miser sur les qualit\u00e9s recherch\u00e9es par les recruteurs sur un CV. Ainsi, vous allez d\u00e9montrer que vous pouvez les mettre au service d\u2019un nouvel emploi.<\/p>\n\n\n\n<h3 class=\"wp-block-heading\" id=\"h-votre-formation\">Votre formation<\/h3>\n\n\n\n<p>Ici, commencez par le dipl\u00f4me le plus r\u00e9cent en finissant par le plus ancien. Inutile d\u2019ajouter des formations et des attestations obtenues au cours de votre carri\u00e8re.<\/p>\n\n\n\n<h2 class=\"wp-block-heading\" id=\"h-pour-finir\">Pour finir\u2026<\/h2>\n\n\n\n<p>Retrouver le monde du travail apr\u00e8s la retraite n\u2019est pas chose facile. Beaucoup de questionnements peuvent se poser pendant vos recherches d\u2019emploi. L\u2019objectif pour vous sera de vous concentrer sur vos <a href=\"https:\/\/www.icims.com\/fr\/blog\/soft-skills-recherchees\/\" target=\"_blank\" rel=\"noreferrer noopener\">comp\u00e9tences g\u00e9n\u00e9rales<\/a> ou <em>soft skills,<\/em> celles dont vous pouvez tirer profit pour tous les postes.&nbsp;<\/p>\n\n\n\n<p>Ayez confiance en vous et choisissez des employeurs qui sauront valoriser vos exp\u00e9riences professionnelles et personnelles.<\/p>\n","protected":false},"excerpt":{"rendered":"\u00cates-vous retrait\u00e9 \u00e0 la recherche de conseils pour r\u00e9diger votre CV? Voici quelques astuces de r\u00e9daction qui vous aideront","protected":false},"author":2,"featured_media":17385,"comment_status":"open","ping_status":"open","sticky":false,"template":"","format":"standard","meta":{"footnotes":""},"categories":[4754,481],"tags":[4784],"class_list":["post-15294","post","type-post","status-publish","format-standard","has-post-thumbnail","hentry","category-cv","category-cv-lettres-de-presentation","tag-redaction-de-cvs"],"_links":{"self":[{"href":"https:\/\/www.jobillico.com\/blog\/wp-json\/wp\/v2\/posts\/15294","targetHints":{"allow":["GET"]}}],"collection":[{"href":"https:\/\/www.jobillico.com\/blog\/wp-json\/wp\/v2\/posts"}],"about":[{"href":"https:\/\/www.jobillico.com\/blog\/wp-json\/wp\/v2\/types\/post"}],"author":[{"embeddable":true,"href":"https:\/\/www.jobillico.com\/blog\/wp-json\/wp\/v2\/users\/2"}],"replies":[{"embeddable":true,"href":"https:\/\/www.jobillico.com\/blog\/wp-json\/wp\/v2\/comments?post=15294"}],"version-history":[{"count":4,"href":"https:\/\/www.jobillico.com\/blog\/wp-json\/wp\/v2\/posts\/15294\/revisions"}],"predecessor-version":[{"id":17387,"href":"https:\/\/www.jobillico.com\/blog\/wp-json\/wp\/v2\/posts\/15294\/revisions\/17387"}],"wp:featuredmedia":[{"embeddable":true,"href":"https:\/\/www.jobillico.com\/blog\/wp-json\/wp\/v2\/media\/17385"}],"wp:attachment":[{"href":"https:\/\/www.jobillico.com\/blog\/wp-json\/wp\/v2\/media?parent=15294"}],"wp:term":[{"taxonomy":"category","embeddable":true,"href":"https:\/\/www.jobillico.com\/blog\/wp-json\/wp\/v2\/categories?post=15294"},{"taxonomy":"post_tag","embeddable":true,"href":"https:\/\/www.jobillico.com\/blog\/wp-json\/wp\/v2\/tags?post=15294"}],"curies":[{"name":"wp","href":"https:\/\/api.w.org\/{rel}","templated":true}]}}