{"id":14345,"date":"2021-08-19T16:53:02","date_gmt":"2021-08-19T20:53:02","guid":{"rendered":"https:\/\/www.jobillico.com\/blog\/?p=14345"},"modified":"2022-02-21T18:17:40","modified_gmt":"2022-02-21T23:17:40","slug":"voici-les-avantages-du-mode-de-travail-hybride","status":"publish","type":"post","link":"https:\/\/www.jobillico.com\/blog\/voici-les-avantages-du-mode-de-travail-hybride\/","title":{"rendered":"Voici les avantages du mode de travail hybride"},"content":{"rendered":"\n<p>Alors que les entreprises se tournent vers un monde post-pand\u00e9mie, beaucoup envisagent diff\u00e9rentes formes d&rsquo;organisation du travail. Employ\u00e9s et employeurs peuvent tous deux profiter des avantages des mod\u00e8les de travail hybrides.<\/p>\n\n\n\n<p>Bien que <a href=\"https:\/\/www.ledevoir.com\/societe\/sante\/621720\/une-resurgence-du-nombre-de-cas-de-covid-19-prevue-pour-la-fin-de-l-ete\" target=\"_blank\" rel=\"noreferrer noopener nofollow\">la pand\u00e9mie de COVID-19<\/a> ne soit pas encore termin\u00e9e, les entreprises et les organisations se tournent d\u00e9j\u00e0 vers l&rsquo;avenir. L&rsquo;un des effets secondaires de la pand\u00e9mie est qu&rsquo;elle a remis en question de nombreux aspects des <a href=\"\/blog\/5-signes-qui-indiquent-la-fin-du-bureau-tel-quon-le-connait\/\" target=\"_blank\" rel=\"noreferrer noopener\">mod\u00e8les de travail traditionnels<\/a>. Le fait que des millions de personnes soient pass\u00e9es pour la premi\u00e8re fois au t\u00e9l\u00e9travail a montr\u00e9 que de nombreux m\u00e9tiers peuvent \u00eatre adapt\u00e9s avec succ\u00e8s \u00e0 l&rsquo;espace de travail virtuel.\u00a0<\/p>\n\n\n\n<p>Apr\u00e8s ce laps de temps, il est clair que bon nombre de professionnels ne sont pas press\u00e9s de retourner au bureau. C&rsquo;est ce que confirme <a href=\"https:\/\/www.lelezard.com\/communique-19912448.html\" target=\"_blank\" rel=\"noreferrer noopener nofollow\">une nouvelle \u00e9tude<\/a> selon laquelle 61 % des employ\u00e9s canadiens pr\u00e9f\u00e8rent un mod\u00e8le de travail hybride. En adoptant les avantages du travail hybride, les employ\u00e9s b\u00e9n\u00e9ficient d&rsquo;une plus grande libert\u00e9 et les employeurs peuvent conserver une main-d&rsquo;\u0153uvre productive et efficace. Mais avant d\u2019aller plus loin, commen\u00e7ons par donner une d\u00e9finition au mod\u00e8le de travail hybride.<\/p>\n\n\n\n<h2 class=\"wp-block-heading\" id=\"h-qu-est-ce-que-le-travail-hybride\">Qu&rsquo;est-ce que le travail hybride?<\/h2>\n\n\n\n<p>Un mod\u00e8le de travail hybride consiste \u00e0 r\u00e9partir le travail entre le travail \u00e0 distance certains jours et le travail en personne d&rsquo;autres jours. Par exemple, une forme de travail hybride consisterait \u00e0 r\u00e9unir les employ\u00e9s dans un espace de coworking partag\u00e9 le lundi et le mardi pour des r\u00e9unions et une collaboration en personne, puis \u00e0 les faire travailler \u00e0 distance le reste de la semaine. L&rsquo;id\u00e9e est de combiner les avantages du travail au bureau et du t\u00e9l\u00e9travail, tout en minimisant certains des inconv\u00e9nients les plus fr\u00e9quents.<\/p>\n\n\n\n<h2 class=\"wp-block-heading\" id=\"h-les-avantages-du-travail-hybride\">Les avantages du travail hybride :<\/h2>\n\n\n\n<ul class=\"wp-block-list\"><li>R\u00e9duction des trajets domicile-travail<\/li><li>Maintien de la communaut\u00e9<\/li><li>Meilleur \u00e9quilibre entre vie professionnelle et vie personnelle<\/li><li>R\u00e9duction de frais<\/li><\/ul>\n\n\n\n<h2 class=\"wp-block-heading\" id=\"h-r-duction-des-trajets-domicile-travail\">R\u00e9duction des trajets domicile-travail<\/h2>\n\n\n\n<p>Le trajet domicile-travail est tellement ancr\u00e9 dans l&rsquo;image populaire de la vie professionnelle qu&rsquo;il est parfois facile d&rsquo;oublier ses d\u00e9fauts et ses inconv\u00e9nients. <a href=\"https:\/\/www.avantages.ca\/sante\/mieux-etre\/le-trajet-domicile-travail-mine-le-moral-des-travailleurs\/\" target=\"_blank\" rel=\"noreferrer noopener nofollow\">Les longs trajets domicile-travail sont n\u00e9fastes<\/a>. Ils sont mauvais pour les gens, pour les employeurs, pour les villes et pour l&rsquo;environnement. Les travailleurs canadiens passent en moyenne<a href=\"https:\/\/www150.statcan.gc.ca\/n1\/daily-quotidien\/190225\/dq190225a-fra.htm\" target=\"_blank\" rel=\"noreferrer noopener nofollow\"> 24 minutes<\/a> \u00e0 faire la navette entre leur domicile et leur lieu de travail chaque jour, ce qui repr\u00e9sente 4 heures par semaine. Ce temps serait bien plus productif s&rsquo;il \u00e9tait consacr\u00e9 au travail et bien plus agr\u00e9able s&rsquo;il \u00e9tait consacr\u00e9 aux activit\u00e9s personnelles et \u00e0 la vie de famille.<\/p>\n\n\n\n<p>Le travail hybride conserve l&rsquo;un des aspects les plus populaires du t\u00e9l\u00e9travail : l&rsquo;absence de d\u00e9placement. Le travail hybride ne pr\u00e9voit qu&rsquo;un nombre limit\u00e9 de jours pass\u00e9s dans un espace de travail partag\u00e9, principalement pour les r\u00e9unions n\u00e9cessaires et les collaborations sp\u00e9cifiques. En n&rsquo;obligeant pas les employ\u00e9s \u00e0 se rendre tous les jours au bureau ou sur leur lieu de travail, il leur permet d&rsquo;\u00e9conomiser des heures chaque semaine. Il a \u00e9galement <a href=\"https:\/\/www.cpacanada.ca\/fr\/nouvelles\/canada\/2020-04-20-impact-environnemental-teletravail#:~:text=R%C3%89DUCTION%20DE%20L'EMPREINTE%20CARBONE,m%C3%AAme%20les%20d%C3%A9chets%20de%20bureau.\" target=\"_blank\" rel=\"noreferrer noopener nofollow\">un impact positif sur l&rsquo;environnement<\/a>, en r\u00e9duisant consid\u00e9rablement la quantit\u00e9 de pollution et de gaz d&rsquo;\u00e9chappement rejet\u00e9s dans l&rsquo;atmosph\u00e8re avec moins de v\u00e9hicules sur la route.<\/p>\n\n\n\n<h2 class=\"wp-block-heading\" id=\"h-maintien-de-la-communaut\">Maintien de la communaut\u00e9<\/h2>\n\n\n\n<p>Lorsque de nombreuses entreprises ont fait la transition vers le t\u00e9l\u00e9travail au printemps 2020, l&rsquo;une des plus grandes pr\u00e9occupations des organisations \u00e9tait la capacit\u00e9 \u00e0 <a href=\"\/blog\/maintenir-culture-dentreprise-teletravail\/\" target=\"_blank\" rel=\"noreferrer noopener\">maintenir leur culture d&rsquo;entreprise<\/a>. Cela est compr\u00e9hensible, car une culture d&rsquo;entreprise forte bas\u00e9e sur le soutien mutuel et la collaboration est tr\u00e8s importante pour assurer le succ\u00e8s de l&rsquo;entreprise. Les entreprises dot\u00e9es d&rsquo;une culture d&rsquo;entreprise forte sont plus performantes, leurs employ\u00e9s sont plus satisfaits et elles ont m\u00eame un avantage en mati\u00e8re de recrutement. \u00c9tant donn\u00e9 qu&rsquo;une grande partie des relations sur lesquelles repose la culture d&rsquo;entreprise se d\u00e9veloppe par le biais d&rsquo;interactions et de d\u00e9veloppements en face \u00e0 face, le passage \u00e0 un lieu de travail enti\u00e8rement virtuel peut rendre la formation de ces relations plus difficile.<\/p>\n\n\n\n<p>Un mod\u00e8le de travail hybride offre toujours des possibilit\u00e9s de collaboration en personne entre coll\u00e8gues dans des espaces de travail en commun et des environnements de travail partag\u00e9s. Le fait de travailler ensemble r\u00e9guli\u00e8rement, m\u00eame si ce n&rsquo;est qu&rsquo;un ou deux jours par semaine, permet de d\u00e9velopper et de renforcer les relations professionnelles. Cela permet \u00e9galement d&rsquo;\u00e9viter <a href=\"\/blog\/reunions-zoom-les-erreurs-a-ne-pas-commettre\/\" target=\"_blank\" rel=\"noreferrer noopener\">les inconv\u00e9nients d&rsquo;une collaboration uniquement par vid\u00e9oconf\u00e9rence<\/a>, qui peut sembler impersonnelle et tendue. La culture d&rsquo;entreprise et la communaut\u00e9 peuvent rester fortes gr\u00e2ce \u00e0 l&rsquo;utilisation d&rsquo;un mod\u00e8le de travail hybride.\u00a0<\/p>\n\n\n\n<h2 class=\"wp-block-heading\" id=\"h-un-meilleur-quilibre-entre-vie-professionnelle-et-vie-priv-e\">Un meilleur \u00e9quilibre entre vie professionnelle et vie priv\u00e9e<\/h2>\n\n\n\n<p>La prise de conscience de l&rsquo;impact du lieu de travail sur <a href=\"\/blog\/presenteisme-absenteisme\/\" target=\"_blank\" rel=\"noreferrer noopener\">le bien-\u00eatre et la sant\u00e9 mentale et \u00e9motionnelle des employ\u00e9s<\/a> dans tous les domaines et secteurs d&rsquo;activit\u00e9 s&rsquo;est consid\u00e9rablement accrue. L&rsquo;essor du travail \u00e0 distance n&rsquo;a pas limit\u00e9<a href=\"\/blog\/epuisement-professionnel-burn-out\/\"> l&rsquo;\u00e9puisement des employ\u00e9s<\/a> ni les cons\u00e9quences tr\u00e8s r\u00e9elles des longues heures de travail sur la sant\u00e9. Des recherches et de nombreuses preuves anecdotiques indiquent que le t\u00e9l\u00e9travail rend plus difficile le maintien d&rsquo;un \u00e9quilibre entre vie professionnelle et vie priv\u00e9e pour certains professionnels. En effet, en supprimant la s\u00e9paration physique entre le travail et la maison, il est beaucoup plus difficile de s\u00e9parer mentalement les deux, ce qui entra\u00eene une confusion entre la vie professionnelle et la vie personnelle qui, en fin de compte, n&rsquo;est pas viable.<\/p>\n\n\n\n<p>Le travail hybride permet toujours aux employ\u00e9s de travailler en dehors de leur domicile et de se r\u00e9unir en personne avec d&rsquo;autres employ\u00e9s. M\u00eame si un certain nombre de journ\u00e9es de travail sont pass\u00e9es dans l&rsquo;espace de travail \u00e0 domicile, le fait qu&rsquo;il y ait des pauses dans cette routine, avec un espace de travail s\u00e9par\u00e9 et d\u00e9di\u00e9, peut contribuer \u00e0 am\u00e9liorer l&rsquo;\u00e9quilibre entre vie professionnelle et vie priv\u00e9e.&nbsp;<\/p>\n\n\n\n<h2 class=\"wp-block-heading\" id=\"h-r-duction-des-frais-g-n-raux\">R\u00e9duction des frais g\u00e9n\u00e9raux<\/h2>\n\n\n\n<p>Cr\u00e9er, d\u00e9velopper et maintenir une entreprise prosp\u00e8re n\u00e9cessite beaucoup d&rsquo;argent. Il n&rsquo;y a aucun moyen d&rsquo;y \u00e9chapper. Pour les entreprises en phase de d\u00e9marrage et les nouvelles organisations, les co\u00fbts d&rsquo;exploitation repr\u00e9sentent une part importante du budget pendant les premi\u00e8res ann\u00e9es, d\u00e9passant probablement les marges b\u00e9n\u00e9ficiaires au d\u00e9but. Ces co\u00fbts incluent<a href=\"https:\/\/www.ledevoir.com\/opinion\/idees\/603653\/idees-la-surenchere-immobiliere-un-constat-inquietant\" target=\"_blank\" rel=\"noreferrer noopener nofollow\"> l&rsquo;argent n\u00e9cessaire pour louer ou acheter un espace de travail<\/a>. Comme le prix de l&rsquo;immobilier continue d&rsquo;augmenter dans les grandes villes du Canada, le loyer mensuel devient plus cher pour toutes les entreprises et cr\u00e9e une barri\u00e8re d&rsquo;entr\u00e9e plus \u00e9lev\u00e9e pour les nouvelles entreprises.\u00a0<\/p>\n\n\n\n<p>L&rsquo;un des principaux avantages du travail hybride est qu&rsquo;il peut entra\u00eener une r\u00e9duction consid\u00e9rable de ce genre de frais. Sans \u00eatre dans un espace de travail ou un bureau partag\u00e9 tous les jours, il n&rsquo;est pas n\u00e9cessaire de d\u00e9penser beaucoup d&rsquo;argent en loyer mensuel. Au contraire, cela donne aux entreprises la possibilit\u00e9 d&rsquo;explorer de nouvelles options, telles que les espaces de coworking. Dans ce sc\u00e9nario, les entreprises louent un espace de travail pour des jours sp\u00e9cifiques, par exemple le lundi et le mardi, ou en fonction des besoins pour des r\u00e9unions, tandis que d&rsquo;autres entreprises utilisent l&rsquo;espace les autres jours. Cela permet aux entreprises de b\u00e9n\u00e9ficier des avantages des r\u00e9unions et de la collaboration en personne, tout en r\u00e9duisant les frais g\u00e9n\u00e9raux et en offrant plus de flexibilit\u00e9 aux employ\u00e9s.<\/p>\n\n\n\n<p>Les avantages du travail hybride sont accessibles tant aux employ\u00e9s qu&rsquo;aux employeurs. En combinant les meilleurs \u00e9l\u00e9ments du t\u00e9l\u00e9travail et de la collaboration en personne, il offre la flexibilit\u00e9 souhait\u00e9e par les professionnels et la stabilit\u00e9 souhait\u00e9e par les entreprises. Compte tenu de sa popularit\u00e9 \u00e9vidente aupr\u00e8s des travailleurs, les entreprises seraient bien avis\u00e9es de prendre en consid\u00e9ration les avantages du travail hybride lorsqu&rsquo;elles envisagent la transition vers un mode de travail post-pand\u00e9mique.<\/p>\n","protected":false},"excerpt":{"rendered":"Le mode de travail hybride est de plus en plus populaire. Apprenez les avantages de cette nouvelle tendance post-pand\u00e9mique","protected":false},"author":26,"featured_media":14348,"comment_status":"open","ping_status":"open","sticky":false,"template":"","format":"standard","meta":{"footnotes":""},"categories":[7875,349,486],"tags":[],"class_list":["post-14345","post","type-post","status-publish","format-standard","has-post-thumbnail","hentry","category-covid-19","category-marche-de-lemploi","category-nouvelles-tendances"],"_links":{"self":[{"href":"https:\/\/www.jobillico.com\/blog\/wp-json\/wp\/v2\/posts\/14345","targetHints":{"allow":["GET"]}}],"collection":[{"href":"https:\/\/www.jobillico.com\/blog\/wp-json\/wp\/v2\/posts"}],"about":[{"href":"https:\/\/www.jobillico.com\/blog\/wp-json\/wp\/v2\/types\/post"}],"author":[{"embeddable":true,"href":"https:\/\/www.jobillico.com\/blog\/wp-json\/wp\/v2\/users\/26"}],"replies":[{"embeddable":true,"href":"https:\/\/www.jobillico.com\/blog\/wp-json\/wp\/v2\/comments?post=14345"}],"version-history":[{"count":3,"href":"https:\/\/www.jobillico.com\/blog\/wp-json\/wp\/v2\/posts\/14345\/revisions"}],"predecessor-version":[{"id":15059,"href":"https:\/\/www.jobillico.com\/blog\/wp-json\/wp\/v2\/posts\/14345\/revisions\/15059"}],"wp:featuredmedia":[{"embeddable":true,"href":"https:\/\/www.jobillico.com\/blog\/wp-json\/wp\/v2\/media\/14348"}],"wp:attachment":[{"href":"https:\/\/www.jobillico.com\/blog\/wp-json\/wp\/v2\/media?parent=14345"}],"wp:term":[{"taxonomy":"category","embeddable":true,"href":"https:\/\/www.jobillico.com\/blog\/wp-json\/wp\/v2\/categories?post=14345"},{"taxonomy":"post_tag","embeddable":true,"href":"https:\/\/www.jobillico.com\/blog\/wp-json\/wp\/v2\/tags?post=14345"}],"curies":[{"name":"wp","href":"https:\/\/api.w.org\/{rel}","templated":true}]}}