{"id":12506,"date":"2020-04-22T15:53:32","date_gmt":"2020-04-22T19:53:32","guid":{"rendered":"https:\/\/www.jobillico.com\/blog\/?p=12506"},"modified":"2022-03-03T17:16:53","modified_gmt":"2022-03-03T22:16:53","slug":"entrevue-video","status":"publish","type":"post","link":"https:\/\/www.jobillico.com\/blog\/entrevue-video\/","title":{"rendered":"Entrevue vid\u00e9o: comment se pr\u00e9parer?"},"content":{"rendered":"\n<p>La crise de <a href=\"\/blog\/crise-recrutement\/\" target=\"_blank\" rel=\"noreferrer noopener\">la COVID-19<\/a> a chang\u00e9 plusieurs des pratiques RH, parmi elles l\u2019embauche de nouveaux employ\u00e9s. M\u00eame si le recrutement s\u2019est arr\u00eat\u00e9 dans certaines industries, d\u2019autres ne peuvent pas rester plus d\u2019un mois sans une nouvelle main-d\u2019oeuvre. Pour ce faire, il faut mettre en place un <a href=\"\/blog\/covid-19-questions-recruteurs\/\" target=\"_blank\" rel=\"noreferrer noopener\">processus d\u2019entrevue vid\u00e9o<\/a>.<\/p>\n\n\n\n<p>Beaucoup d\u2019entreprises ont trouv\u00e9 le moyen de d\u00e9centraliser leurs activit\u00e9s et de se mettre en mode t\u00e9l\u00e9travail. C\u00f4t\u00e9 recruteurs, il a fallu s\u2019adapter. Bien qu\u2019ils soient habitu\u00e9s \u00e0 faire de la chasse de t\u00eate en ligne et via les r\u00e9seaux sociaux, les responsables RH ne sont pas toujours habitu\u00e9s \u00e0 faire passer des entrevues vid\u00e9o.<\/p>\n\n\n\n<p>M\u00eame chose pour les candidats: la <a href=\"\/blog\/covid19-emploi\/\" target=\"_blank\" rel=\"noreferrer noopener\">recherche d\u2019emploi<\/a> se fait presque exclusivement via Internet et les r\u00e9seaux sociaux. Toutefois, il n\u2019est pas \u00e9vident de conclure un processus d\u2019embauche \u00e0 moins de passer une entrevue vid\u00e9o. Vu qu\u2019il est encore inhabituel, cet exercice est parfois difficile.<\/p>\n\n\n\n<p>\u00c0 travers cet article, nous vous apprendrons \u00e0 pr\u00e9parer votre entrevue vid\u00e9o et surtout \u00e0 la r\u00e9ussir! Voici ce qu\u2019il faut faire pour pr\u00e9parer et r\u00e9ussir son entrevue vid\u00e9o: <\/p>\n\n\n\n<ul class=\"wp-block-list\"><li>Soyez professionnel&nbsp;<\/li><li>Choisissez un bon cadre pour votre entrevue&nbsp;<\/li><li>Restez au calme&nbsp;<\/li><li>Pr\u00e9parez le fond<\/li><\/ul>\n\n\n\n<h2 class=\"wp-block-heading\" id=\"h-soyez-professionnel\">Soyez professionnel<\/h2>\n\n\n\n<p>Il est vrai que le contexte actuel est particulier. Ce n\u2019est pourtant pas une raison de manquer de professionnalisme. Pr\u00e9parez-vous comme si vous alliez \u00e0 une entrevue dans des bureaux. Habillez-vous pareil, pr\u00e9parez votre pr\u00e9sentation et des r\u00e9ponses d\u2019entrevue aux <a href=\"\/blog\/questions-entrevue\/\" target=\"_blank\" rel=\"noreferrer noopener\">questions<\/a> qui peuvent vous \u00eatre pos\u00e9es.<\/p>\n\n\n\n<p>Parlez assez fort et concentrez-vous sur votre intonation et votre prononciation. \u00c9vitez aussi de parler trop fort quand m\u00eame! Cela pourrait devenir g\u00eanant pour vos interlocuteurs au bout de quelques minutes.<\/p>\n\n\n\n<h2 class=\"wp-block-heading\" id=\"h-choisissez-un-bon-cadre-pour-votre-entrevue\">Choisissez un bon cadre pour votre entrevue<\/h2>\n\n\n\n<p>Essayez au maximum de vous placer dans <a href=\"https:\/\/www.index-design.ca\/article\/teletravail-s-amenager-un-espace-bureau-agreable\" target=\"_blank\" rel=\"noreferrer noopener nofollow\">un endroit sobre et uni<\/a>. \u00c9vitez aussi le contre-jour. Ne vous mettez pas devant une fen\u00eatre. Ce n\u2019est pas le temps de mettre en arri\u00e8re-plan votre affiche f\u00e9tiche ou de mettre en \u00e9vidence votre cuisine. Un fond blanc fera parfaitement l\u2019affaire.<\/p>\n\n\n\n<h2 class=\"wp-block-heading\" id=\"h-restez-au-calme\">Restez au calme<\/h2>\n\n\n\n<p>En cette p\u00e9riode de confinement, \u00e0 moins de vivre seul, il faut avouer que nous avons beaucoup de mouvement \u00e0 la maison. Les enfants qui s\u2019amusent, un conjoint qui passe sans pr\u00e9venir, un animal de compagnie qui sort de nulle part\u2026<\/p>\n\n\n\n<p>Assurez-vous d\u2019\u00eatre dans une pi\u00e8ce ferm\u00e9e pour pouvoir ma\u00eetriser votre environnement. Toute interf\u00e9rence pendant l\u2019entrevue pourrait vous perturber grandement.<\/p>\n\n\n\n<h2 class=\"wp-block-heading\" id=\"h-pr-parez-le-fond\">Pr\u00e9parez le fond<\/h2>\n\n\n\n<p>Comme nous le disions, le contexte particulier ne vous permet pas de manquer de pr\u00e9paration. Tous les conseils pour <a href=\"\/blog\/preparer-reussir-entrevue\/\" target=\"_blank\" rel=\"noreferrer noopener\">pr\u00e9parer une entrevue<\/a> ordinaire sont valables. Assurez-vous d\u2019\u00eatre bien renseign\u00e9 sur le poste et sur l\u2019entreprise. Faites-vous une id\u00e9e claire de ce que vous voulez et de ce qu\u2019on attend de vous.<\/p>\n\n\n\n<p>Pr\u00e9parez les points susceptibles d\u2019\u00eatre abord\u00e9s: vos motivations, vos projets, votre formation, vos exp\u00e9riences pass\u00e9es\u2026<\/p>\n\n\n\n<p>Ainsi, vous aurez pr\u00e9par\u00e9 votre entrevue comme il se doit. Assurez-vous de maintenir un suivi apr\u00e8s celle-ci. Les traditionnelles <a href=\"\/blog\/lettre-de-remerciement\/\" target=\"_blank\" rel=\"noreferrer noopener\">lettres de remerciement<\/a> et courriels de suivi sont toujours valables en cette p\u00e9riode. Pour faire court: lors d\u2019une entrevue vid\u00e9o, rien ne change si ce n\u2019est la distanciation physique impos\u00e9e par le contexte actuel.<\/p>\n","protected":false},"excerpt":{"rendered":"Durant cette p\u00e9riode, beaucoup d&rsquo;entreprises privil\u00e9gient l&rsquo; entrevue vid\u00e9o. Comment s&rsquo;y pr\u00e9parer? R\u00e9ponses dans cet article","protected":false},"author":26,"featured_media":12509,"comment_status":"open","ping_status":"open","sticky":false,"template":"","format":"standard","meta":{"footnotes":""},"categories":[7875,483],"tags":[],"class_list":["post-12506","post","type-post","status-publish","format-standard","has-post-thumbnail","hentry","category-covid-19","category-entrevues"],"_links":{"self":[{"href":"https:\/\/www.jobillico.com\/blog\/wp-json\/wp\/v2\/posts\/12506","targetHints":{"allow":["GET"]}}],"collection":[{"href":"https:\/\/www.jobillico.com\/blog\/wp-json\/wp\/v2\/posts"}],"about":[{"href":"https:\/\/www.jobillico.com\/blog\/wp-json\/wp\/v2\/types\/post"}],"author":[{"embeddable":true,"href":"https:\/\/www.jobillico.com\/blog\/wp-json\/wp\/v2\/users\/26"}],"replies":[{"embeddable":true,"href":"https:\/\/www.jobillico.com\/blog\/wp-json\/wp\/v2\/comments?post=12506"}],"version-history":[{"count":13,"href":"https:\/\/www.jobillico.com\/blog\/wp-json\/wp\/v2\/posts\/12506\/revisions"}],"predecessor-version":[{"id":15197,"href":"https:\/\/www.jobillico.com\/blog\/wp-json\/wp\/v2\/posts\/12506\/revisions\/15197"}],"wp:featuredmedia":[{"embeddable":true,"href":"https:\/\/www.jobillico.com\/blog\/wp-json\/wp\/v2\/media\/12509"}],"wp:attachment":[{"href":"https:\/\/www.jobillico.com\/blog\/wp-json\/wp\/v2\/media?parent=12506"}],"wp:term":[{"taxonomy":"category","embeddable":true,"href":"https:\/\/www.jobillico.com\/blog\/wp-json\/wp\/v2\/categories?post=12506"},{"taxonomy":"post_tag","embeddable":true,"href":"https:\/\/www.jobillico.com\/blog\/wp-json\/wp\/v2\/tags?post=12506"}],"curies":[{"name":"wp","href":"https:\/\/api.w.org\/{rel}","templated":true}]}}